{"id":640,"date":"2010-10-02T10:54:25","date_gmt":"2010-10-02T08:54:25","guid":{"rendered":"http:\/\/www.obeczubri.cz\/hasici\/?p=640"},"modified":"2015-08-31T10:56:54","modified_gmt":"2015-08-31T08:56:54","slug":"zacatek","status":"publish","type":"post","link":"https:\/\/www.obeczubri.cz\/hasici\/2010\/10\/02\/zacatek\/","title":{"rendered":"Za\u010d\u00e1tek"},"content":{"rendered":"<p><a href=\"http:\/\/www.obeczubri.cz\/hasici\/wp-content\/uploads\/2015\/08\/znak-hasici-novy.png\" data-rel=\"lightbox-image-0\" data-rl_title=\"\" data-rl_caption=\"\" title=\"\"><img fetchpriority=\"high\" decoding=\"async\" class=\"alignleft size-medium wp-image-82\" src=\"http:\/\/www.obeczubri.cz\/hasici\/wp-content\/uploads\/2015\/08\/znak-hasici-novy-300x276.png\" alt=\"znak-hasici-novy\" width=\"300\" height=\"276\" srcset=\"https:\/\/www.obeczubri.cz\/hasici\/wp-content\/uploads\/2015\/08\/znak-hasici-novy-300x276.png 300w, https:\/\/www.obeczubri.cz\/hasici\/wp-content\/uploads\/2015\/08\/znak-hasici-novy-163x150.png 163w, https:\/\/www.obeczubri.cz\/hasici\/wp-content\/uploads\/2015\/08\/znak-hasici-novy-150x138.png 150w, https:\/\/www.obeczubri.cz\/hasici\/wp-content\/uploads\/2015\/08\/znak-hasici-novy-280x258.png 280w, https:\/\/www.obeczubri.cz\/hasici\/wp-content\/uploads\/2015\/08\/znak-hasici-novy.png 927w\" sizes=\"(max-width: 300px) 100vw, 300px\" \/><\/a>L\u00e9ta P\u00e1n\u011b dvoutis\u00edc\u00edhodes\u00e1t\u00e9ho v hlav\u00e1ch n\u011bkolika dobrovoln\u00fdch hasi\u010d\u016f ze Zub\u0159\u00ed zrodila se my\u0161lenka procovati s\u00a0m\u00edstn\u00edmi d\u011btmi. Na\u010de\u017e jedenadvac\u00e1t\u00e9ho dne m\u011bs\u00edce srpna jest zalo\u017een p\u0159i Sboru dobrovoln\u00fdch hasi\u010d\u016f v\u00a0Zub\u0159\u00ed kolektiv Mlad\u00fdch hasi\u010d\u016f.<\/p>\n","protected":false},"excerpt":{"rendered":"<p>L\u00e9ta P\u00e1n\u011b dvoutis\u00edc\u00edhodes\u00e1t\u00e9ho v hlav\u00e1ch n\u011bkolika dobrovoln\u00fdch hasi\u010d\u016f ze Zub\u0159\u00ed zrodila se my\u0161lenka procovati s\u00a0m\u00edstn\u00edmi d\u011btmi. Na\u010de\u017e jedenadvac\u00e1t\u00e9ho dne m\u011bs\u00edce srpna jest zalo\u017een p\u0159i Sboru dobrovoln\u00fdch hasi\u010d\u016f v\u00a0Zub\u0159\u00ed kolektiv Mlad\u00fdch hasi\u010d\u016f.<\/p>\n","protected":false},"author":2,"featured_media":82,"comment_status":"closed","ping_status":"closed","sticky":false,"template":"","format":"standard","meta":{"jetpack_post_was_ever_published":false,"_jetpack_newsletter_access":"","_jetpack_dont_email_post_to_subs":false,"_jetpack_newsletter_tier_id":0,"_jetpack_memberships_contains_paywalled_content":false,"_jetpack_memberships_contains_paid_content":false,"footnotes":"","jetpack_publicize_message":"","jetpack_publicize_feature_enabled":true,"jetpack_social_post_already_shared":false,"jetpack_social_options":{"image_generator_settings":{"template":"highway","default_image_id":0,"font":"","enabled":false},"version":2}},"categories":[27],"tags":[],"class_list":["post-640","post","type-post","status-publish","format-standard","has-post-thumbnail","hentry","category-o-nas-mh"],"jetpack_publicize_connections":[],"jetpack_featured_media_url":"https:\/\/www.obeczubri.cz\/hasici\/wp-content\/uploads\/2015\/08\/znak-hasici-novy.png","jetpack_sharing_enabled":true,"jetpack_shortlink":"https:\/\/wp.me\/s91NNl-zacatek","_links":{"self":[{"href":"https:\/\/www.obeczubri.cz\/hasici\/wp-json\/wp\/v2\/posts\/640","targetHints":{"allow":["GET"]}}],"collection":[{"href":"https:\/\/www.obeczubri.cz\/hasici\/wp-json\/wp\/v2\/posts"}],"about":[{"href":"https:\/\/www.obeczubri.cz\/hasici\/wp-json\/wp\/v2\/types\/post"}],"author":[{"embeddable":true,"href":"https:\/\/www.obeczubri.cz\/hasici\/wp-json\/wp\/v2\/users\/2"}],"replies":[{"embeddable":true,"href":"https:\/\/www.obeczubri.cz\/hasici\/wp-json\/wp\/v2\/comments?post=640"}],"version-history":[{"count":1,"href":"https:\/\/www.obeczubri.cz\/hasici\/wp-json\/wp\/v2\/posts\/640\/revisions"}],"predecessor-version":[{"id":641,"href":"https:\/\/www.obeczubri.cz\/hasici\/wp-json\/wp\/v2\/posts\/640\/revisions\/641"}],"wp:featuredmedia":[{"embeddable":true,"href":"https:\/\/www.obeczubri.cz\/hasici\/wp-json\/wp\/v2\/media\/82"}],"wp:attachment":[{"href":"https:\/\/www.obeczubri.cz\/hasici\/wp-json\/wp\/v2\/media?parent=640"}],"wp:term":[{"taxonomy":"category","embeddable":true,"href":"https:\/\/www.obeczubri.cz\/hasici\/wp-json\/wp\/v2\/categories?post=640"},{"taxonomy":"post_tag","embeddable":true,"href":"https:\/\/www.obeczubri.cz\/hasici\/wp-json\/wp\/v2\/tags?post=640"}],"curies":[{"name":"wp","href":"https:\/\/api.w.org\/{rel}","templated":true}]}}