{"id":528,"date":"2010-03-09T15:32:06","date_gmt":"2010-03-09T13:32:06","guid":{"rendered":"http:\/\/www.obeczubri.cz\/hasici\/?p=528"},"modified":"2015-08-28T15:33:22","modified_gmt":"2015-08-28T13:33:22","slug":"dohorivajici-statky","status":"publish","type":"post","link":"https:\/\/www.obeczubri.cz\/hasici\/2010\/03\/09\/dohorivajici-statky\/","title":{"rendered":"Doho\u0159\u00edvaj\u00edc\u00ed statky"},"content":{"rendered":"<p><a href=\"http:\/\/www.obeczubri.cz\/hasici\/wp-content\/uploads\/2015\/08\/100312154154-09.jpg\" data-rel=\"lightbox-image-0\" data-rl_title=\"\" data-rl_caption=\"\" title=\"\"><img fetchpriority=\"high\" decoding=\"async\" class=\"alignleft size-medium wp-image-529\" src=\"http:\/\/www.obeczubri.cz\/hasici\/wp-content\/uploads\/2015\/08\/100312154154-09-300x219.jpg\" alt=\"100312154154-09\" width=\"300\" height=\"219\" srcset=\"https:\/\/www.obeczubri.cz\/hasici\/wp-content\/uploads\/2015\/08\/100312154154-09-300x219.jpg 300w, https:\/\/www.obeczubri.cz\/hasici\/wp-content\/uploads\/2015\/08\/100312154154-09-206x150.jpg 206w, https:\/\/www.obeczubri.cz\/hasici\/wp-content\/uploads\/2015\/08\/100312154154-09-150x109.jpg 150w, https:\/\/www.obeczubri.cz\/hasici\/wp-content\/uploads\/2015\/08\/100312154154-09-280x204.jpg 280w, https:\/\/www.obeczubri.cz\/hasici\/wp-content\/uploads\/2015\/08\/100312154154-09.jpg 640w\" sizes=\"(max-width: 300px) 100vw, 300px\" \/><\/a>Doho\u0159\u00edvaj\u00edc\u00ed zbytky statku p. Anton\u00edna \u017d\u00e1ka \u010d. 20 (vpravo) a staven\u00ed p. Emila Musila \u010d. 21 (vlevo) p\u0159i zni\u010duj\u00edc\u00edm ohni dne 30. z\u00e1\u0159\u00ed 1941, kter\u00e9mu padlo za ob\u011bt&#8216; sedm obytn\u00fdch staven\u00ed ve spodn\u00edm konci na\u0161\u00ed obce. Je\u0161t\u011b v roce 1930 hospoda\u0159il na t\u00e9m\u011b\u0159 24 ha statku \u010d. 20 p. Vilhem \u017d\u00e1k, b\u00fdval\u00fd starosta obce (zvolen v r. 1919, obec vedl do r. 1923). Ve spodn\u00ed \u010d\u00e1sti tohoto listu si m\u016f\u017eete prohl\u00e9dnout protokol o p\u0159evzet\u00ed obecn\u00edch \u00fa\u010dt\u016f p. Vilhemem \u017d\u00e1kem od p\u0159edch\u00e1zej\u00edc\u00edho starosty p. Franti\u0161ka Svobody \u010d. 12. V dob\u011b po\u017e\u00e1ru byl majitelem statku ji\u017e syn Anton\u00edn \u017d\u00e1k, kter\u00fd jej n\u00e1sledn\u011b p\u0159estav\u011bl do jin\u00e9 podoby. Domek v lev\u00e9 \u010d\u00e1sti sn\u00edmku, ke kter\u00e9mu n\u00e1le\u017eely t\u00e9m\u011b\u0159 4 ha pozemk\u016f, znovu po ohni postavil ji\u017e zm\u00edn\u011bn\u00fd p. Emil Musil, jeho tehdej\u0161\u00ed majitel. Pro tento domek byla dlouh\u00e1 l\u00e9ta pou\u017e\u00edv\u00e1na p\u0159ezd\u00edvka \u201eU Libr\u016f&#8216;. V r. 1880 byl toti\u017e jeho majitelem Jan Libra z V\u011bcova, v r. 1910 pak jeho mlad\u0161\u00ed syn Franti\u0161ek. Tak jako mnoho jin\u00fdch, i on se nevyhnul narukov\u00e1n\u00ed do 1. sv\u011btov\u00e9 v\u00e1lky. Dom\u016f se v\u0161ak ji\u017e nikdy nevr\u00e1til. Byl prohl\u00e1\u0161en za mrtv\u00e9ho a jako pravd\u011bpodobn\u00fd den jeho \u00famrt\u00ed byl stanoven den 1. Listopadu 1916. V tu dobu do m\u00edstn\u00ed \u0161koly doch\u00e1zely t\u0159i jeho d\u011bti (nezjistil jsem, zda nem\u011bl rodinu po\u010detn\u011bj\u0161\u00ed) &#8211; ty v\u0161ak, spole\u010dn\u011b s jeho \u017eenou Franti\u0161kou, marn\u011b \u010dekaly na jeho n\u00e1vrat. B\u011bhem posledn\u00edch let jsem prostudoval innoho listin a podobn\u00e9ho materi\u00e1lu &#8211; u n\u011bkter\u00fdch jsem se i zasm\u00e1l, n\u011bkter\u00e9 byly smutn\u00e9 &#8211; v\u011b\u0159te v\u0161ak, \u017ee ze v\u0161eho nejsmutn\u011bj\u0161\u00ed bylo pro\u010d\u00edt\u00e1n\u00ed tzv. \u201epoln\u00edch l\u00edstk\u016f&#8216; z 1. sv\u011btov\u00e9 v\u00e1lky, ve kter\u00fdch se hospod\u00e1\u0159 lou\u010d\u00ed s d\u011btmi a \u017eenou v p\u0159edtu\u0161e, \u017ee je ji\u017e v\u00edce nespat\u0159\u00ed. Pan Emil Musil je jako majitel uveden ji\u017e v roce 1930, d\u016fm znovu postaven\u00fd po ohni pozd\u011bji zrekonstruoval p. Ji\u0159\u00ed Houdek, man\u017eel vnu\u010dky p. Emila Musila &#8211; Zdeny.<\/p>\n","protected":false},"excerpt":{"rendered":"<p>Doho\u0159\u00edvaj\u00edc\u00ed zbytky statku p. Anton\u00edna \u017d\u00e1ka \u010d. 20 (vpravo) a staven\u00ed p. Emila Musila \u010d. 21 (vlevo) p\u0159i zni\u010duj\u00edc\u00edm ohni dne 30. z\u00e1\u0159\u00ed 1941, kter\u00e9mu padlo za ob\u011bt&#8216; sedm obytn\u00fdch staven\u00ed ve spodn\u00edm konci na\u0161\u00ed obce. Je\u0161t\u011b v roce 1930 hospoda\u0159il na t\u00e9m\u011b\u0159 24 ha statku \u010d. 20 p. Vilhem \u017d\u00e1k, b\u00fdval\u00fd starosta obce (zvolen [&hellip;]<\/p>\n","protected":false},"author":1,"featured_media":529,"comment_status":"closed","ping_status":"closed","sticky":false,"template":"","format":"standard","meta":{"jetpack_post_was_ever_published":false,"_jetpack_newsletter_access":"","_jetpack_dont_email_post_to_subs":false,"_jetpack_newsletter_tier_id":0,"_jetpack_memberships_contains_paywalled_content":false,"_jetpack_memberships_contains_paid_content":false,"footnotes":"","jetpack_publicize_message":"","jetpack_publicize_feature_enabled":true,"jetpack_social_post_already_shared":false,"jetpack_social_options":{"image_generator_settings":{"template":"highway","default_image_id":0,"font":"","enabled":false},"version":2}},"categories":[24],"tags":[],"class_list":["post-528","post","type-post","status-publish","format-standard","has-post-thumbnail","hentry","category-obrazova-kronika"],"jetpack_publicize_connections":[],"jetpack_featured_media_url":"https:\/\/www.obeczubri.cz\/hasici\/wp-content\/uploads\/2015\/08\/100312154154-09.jpg","jetpack_sharing_enabled":true,"jetpack_shortlink":"https:\/\/wp.me\/p91NNl-8w","_links":{"self":[{"href":"https:\/\/www.obeczubri.cz\/hasici\/wp-json\/wp\/v2\/posts\/528","targetHints":{"allow":["GET"]}}],"collection":[{"href":"https:\/\/www.obeczubri.cz\/hasici\/wp-json\/wp\/v2\/posts"}],"about":[{"href":"https:\/\/www.obeczubri.cz\/hasici\/wp-json\/wp\/v2\/types\/post"}],"author":[{"embeddable":true,"href":"https:\/\/www.obeczubri.cz\/hasici\/wp-json\/wp\/v2\/users\/1"}],"replies":[{"embeddable":true,"href":"https:\/\/www.obeczubri.cz\/hasici\/wp-json\/wp\/v2\/comments?post=528"}],"version-history":[{"count":1,"href":"https:\/\/www.obeczubri.cz\/hasici\/wp-json\/wp\/v2\/posts\/528\/revisions"}],"predecessor-version":[{"id":530,"href":"https:\/\/www.obeczubri.cz\/hasici\/wp-json\/wp\/v2\/posts\/528\/revisions\/530"}],"wp:featuredmedia":[{"embeddable":true,"href":"https:\/\/www.obeczubri.cz\/hasici\/wp-json\/wp\/v2\/media\/529"}],"wp:attachment":[{"href":"https:\/\/www.obeczubri.cz\/hasici\/wp-json\/wp\/v2\/media?parent=528"}],"wp:term":[{"taxonomy":"category","embeddable":true,"href":"https:\/\/www.obeczubri.cz\/hasici\/wp-json\/wp\/v2\/categories?post=528"},{"taxonomy":"post_tag","embeddable":true,"href":"https:\/\/www.obeczubri.cz\/hasici\/wp-json\/wp\/v2\/tags?post=528"}],"curies":[{"name":"wp","href":"https:\/\/api.w.org\/{rel}","templated":true}]}}