{"id":522,"date":"2010-03-09T15:29:27","date_gmt":"2010-03-09T13:29:27","guid":{"rendered":"http:\/\/www.obeczubri.cz\/hasici\/?p=522"},"modified":"2015-08-28T15:30:24","modified_gmt":"2015-08-28T13:30:24","slug":"znicene-staveni-p-k-svobody","status":"publish","type":"post","link":"https:\/\/www.obeczubri.cz\/hasici\/2010\/03\/09\/znicene-staveni-p-k-svobody\/","title":{"rendered":"Zni\u010den\u00e9 staven\u00ed p. K. Svobody"},"content":{"rendered":"<p><a href=\"http:\/\/www.obeczubri.cz\/hasici\/wp-content\/uploads\/2015\/08\/100312154121-07.jpg\" data-rel=\"lightbox-image-0\" data-rl_title=\"\" data-rl_caption=\"\" title=\"\"><img fetchpriority=\"high\" decoding=\"async\" class=\"alignleft size-medium wp-image-523\" src=\"http:\/\/www.obeczubri.cz\/hasici\/wp-content\/uploads\/2015\/08\/100312154121-07-300x225.jpg\" alt=\"100312154121-07\" width=\"300\" height=\"225\" srcset=\"https:\/\/www.obeczubri.cz\/hasici\/wp-content\/uploads\/2015\/08\/100312154121-07-300x225.jpg 300w, https:\/\/www.obeczubri.cz\/hasici\/wp-content\/uploads\/2015\/08\/100312154121-07-200x150.jpg 200w, https:\/\/www.obeczubri.cz\/hasici\/wp-content\/uploads\/2015\/08\/100312154121-07-150x113.jpg 150w, https:\/\/www.obeczubri.cz\/hasici\/wp-content\/uploads\/2015\/08\/100312154121-07-280x210.jpg 280w, https:\/\/www.obeczubri.cz\/hasici\/wp-content\/uploads\/2015\/08\/100312154121-07.jpg 640w\" sizes=\"(max-width: 300px) 100vw, 300px\" \/><\/a>Sn\u00edmek po\u0159\u00edzen\u00fd bezprost\u0159edn\u011b po ohni ve spodn\u00edm konci dne 30. z\u00e1\u0159\u00ed 1941, nab\u00edz\u00ed pohled na zni\u010den\u00e9 staven\u00ed p. Karla Svobody \u010d. 74. V pozad\u00ed vpravo lze rozpoznat zbytky gruntu p. Anton\u00edna \u017d\u00e1ka \u010d. 20. Situaci, v n\u00ed\u017e se ocitli v\u0161ichni ne\u0161\u0165astn\u00edci, nejl\u00e9pe vykresluje \u010d\u00e1st z\u00e1pisu v obecn\u00ed kronice: \u201eBl\u00ed\u017e\u00edc\u00ed se zima nutila posti\u017een\u00e9 ob\u010dany k rychl\u00e9 asanaci sho\u0159el\u00fdch objekt\u016f a zaji\u0161t\u011bn\u00ed provisorn\u00edho bydlen\u00ed rodin. Byla uspo\u0159\u00e1d\u00e1na ve\u0159ejn\u00e1 sb\u00edrka na pomoc vyho\u0159el\u00fdm a obecn\u00ed zastupitelstvo se usneslo p\u0159enechati jim z obecn\u00edho lesa minim\u00e1ln\u00ed pot\u0159ebu stavebn\u00edho d\u0159eva. Chmurn\u00fd je konec tohoto roku a je na\u0161\u00edm p\u0159\u00e1n\u00edm, abychom od podobn\u00e9 katastrofy byli uchr\u00e1n\u011bni.&#8216;<\/p>\n","protected":false},"excerpt":{"rendered":"<p>Sn\u00edmek po\u0159\u00edzen\u00fd bezprost\u0159edn\u011b po ohni ve spodn\u00edm konci dne 30. z\u00e1\u0159\u00ed 1941, nab\u00edz\u00ed pohled na zni\u010den\u00e9 staven\u00ed p. Karla Svobody \u010d. 74. V pozad\u00ed vpravo lze rozpoznat zbytky gruntu p. Anton\u00edna \u017d\u00e1ka \u010d. 20. Situaci, v n\u00ed\u017e se ocitli v\u0161ichni ne\u0161\u0165astn\u00edci, nejl\u00e9pe vykresluje \u010d\u00e1st z\u00e1pisu v obecn\u00ed kronice: \u201eBl\u00ed\u017e\u00edc\u00ed se zima nutila posti\u017een\u00e9 ob\u010dany k [&hellip;]<\/p>\n","protected":false},"author":1,"featured_media":523,"comment_status":"closed","ping_status":"closed","sticky":false,"template":"","format":"standard","meta":{"jetpack_post_was_ever_published":false,"_jetpack_newsletter_access":"","_jetpack_dont_email_post_to_subs":false,"_jetpack_newsletter_tier_id":0,"_jetpack_memberships_contains_paywalled_content":false,"_jetpack_memberships_contains_paid_content":false,"footnotes":"","jetpack_publicize_message":"","jetpack_publicize_feature_enabled":true,"jetpack_social_post_already_shared":false,"jetpack_social_options":{"image_generator_settings":{"template":"highway","default_image_id":0,"font":"","enabled":false},"version":2}},"categories":[24],"tags":[],"class_list":["post-522","post","type-post","status-publish","format-standard","has-post-thumbnail","hentry","category-obrazova-kronika"],"jetpack_publicize_connections":[],"jetpack_featured_media_url":"https:\/\/www.obeczubri.cz\/hasici\/wp-content\/uploads\/2015\/08\/100312154121-07.jpg","jetpack_sharing_enabled":true,"jetpack_shortlink":"https:\/\/wp.me\/p91NNl-8q","_links":{"self":[{"href":"https:\/\/www.obeczubri.cz\/hasici\/wp-json\/wp\/v2\/posts\/522","targetHints":{"allow":["GET"]}}],"collection":[{"href":"https:\/\/www.obeczubri.cz\/hasici\/wp-json\/wp\/v2\/posts"}],"about":[{"href":"https:\/\/www.obeczubri.cz\/hasici\/wp-json\/wp\/v2\/types\/post"}],"author":[{"embeddable":true,"href":"https:\/\/www.obeczubri.cz\/hasici\/wp-json\/wp\/v2\/users\/1"}],"replies":[{"embeddable":true,"href":"https:\/\/www.obeczubri.cz\/hasici\/wp-json\/wp\/v2\/comments?post=522"}],"version-history":[{"count":1,"href":"https:\/\/www.obeczubri.cz\/hasici\/wp-json\/wp\/v2\/posts\/522\/revisions"}],"predecessor-version":[{"id":524,"href":"https:\/\/www.obeczubri.cz\/hasici\/wp-json\/wp\/v2\/posts\/522\/revisions\/524"}],"wp:featuredmedia":[{"embeddable":true,"href":"https:\/\/www.obeczubri.cz\/hasici\/wp-json\/wp\/v2\/media\/523"}],"wp:attachment":[{"href":"https:\/\/www.obeczubri.cz\/hasici\/wp-json\/wp\/v2\/media?parent=522"}],"wp:term":[{"taxonomy":"category","embeddable":true,"href":"https:\/\/www.obeczubri.cz\/hasici\/wp-json\/wp\/v2\/categories?post=522"},{"taxonomy":"post_tag","embeddable":true,"href":"https:\/\/www.obeczubri.cz\/hasici\/wp-json\/wp\/v2\/tags?post=522"}],"curies":[{"name":"wp","href":"https:\/\/api.w.org\/{rel}","templated":true}]}}