{"id":519,"date":"2010-03-09T15:23:33","date_gmt":"2010-03-09T13:23:33","guid":{"rendered":"http:\/\/www.obeczubri.cz\/hasici\/?p=519"},"modified":"2015-08-28T15:24:35","modified_gmt":"2015-08-28T13:24:35","slug":"dohorivajici-staveni-p-hemzy","status":"publish","type":"post","link":"https:\/\/www.obeczubri.cz\/hasici\/2010\/03\/09\/dohorivajici-staveni-p-hemzy\/","title":{"rendered":"Doho\u0159\u00edvaj\u00edc\u00ed staven\u00ed p. Hemzy"},"content":{"rendered":"<p><a href=\"http:\/\/www.obeczubri.cz\/hasici\/wp-content\/uploads\/2015\/08\/100312154108-06.jpg\" data-rel=\"lightbox-image-0\" data-rl_title=\"\" data-rl_caption=\"\" title=\"\"><img fetchpriority=\"high\" decoding=\"async\" class=\"alignleft size-medium wp-image-520\" src=\"http:\/\/www.obeczubri.cz\/hasici\/wp-content\/uploads\/2015\/08\/100312154108-06-300x223.jpg\" alt=\"100312154108-06\" width=\"300\" height=\"223\" srcset=\"https:\/\/www.obeczubri.cz\/hasici\/wp-content\/uploads\/2015\/08\/100312154108-06-300x223.jpg 300w, https:\/\/www.obeczubri.cz\/hasici\/wp-content\/uploads\/2015\/08\/100312154108-06-202x150.jpg 202w, https:\/\/www.obeczubri.cz\/hasici\/wp-content\/uploads\/2015\/08\/100312154108-06-150x112.jpg 150w, https:\/\/www.obeczubri.cz\/hasici\/wp-content\/uploads\/2015\/08\/100312154108-06-280x208.jpg 280w, https:\/\/www.obeczubri.cz\/hasici\/wp-content\/uploads\/2015\/08\/100312154108-06.jpg 640w\" sizes=\"(max-width: 300px) 100vw, 300px\" \/><\/a>Doho\u0159\u00edvaj\u00edc\u00ed zbytky gruntu p. Augustina Hemzy \u010d. 24 p\u0159i katastrof\u00e1ln\u00edm ohni spodn\u00edho konce dne 30. z\u00e1\u0159\u00ed 1941. Pohled z humen. O n\u00e1sledc\u00edch ohn\u011b se v obecn\u00ed kronice m\u016f\u017eete do\u010d\u00edst to\u0165o: \u201eSho\u0159elo staven\u00ed August. Hemzy \u010d. 24, Karla Svobody \u010d. 74, Josefa \u017d\u00e1ka \u010d. 22, Josefa Skaln\u00edka \u010d. 23, Emila Musila \u010d. 21, Anton\u00edna \u017d\u00e1ka \u010d. 20 a Jaroslava Dufky \u010d. 19. Ohn\u011bm byla ohro\u017eena i \u0161koln\u00ed budova, kterou se poda\u0159ilo, d\u00edk ob\u011btavosti hasi\u010d\u016f, uchr\u00e1niti.&#8216;<\/p>\n","protected":false},"excerpt":{"rendered":"<p>Doho\u0159\u00edvaj\u00edc\u00ed zbytky gruntu p. Augustina Hemzy \u010d. 24 p\u0159i katastrof\u00e1ln\u00edm ohni spodn\u00edho konce dne 30. z\u00e1\u0159\u00ed 1941. Pohled z humen. O n\u00e1sledc\u00edch ohn\u011b se v obecn\u00ed kronice m\u016f\u017eete do\u010d\u00edst to\u0165o: \u201eSho\u0159elo staven\u00ed August. Hemzy \u010d. 24, Karla Svobody \u010d. 74, Josefa \u017d\u00e1ka \u010d. 22, Josefa Skaln\u00edka \u010d. 23, Emila Musila \u010d. 21, Anton\u00edna \u017d\u00e1ka \u010d. [&hellip;]<\/p>\n","protected":false},"author":1,"featured_media":520,"comment_status":"closed","ping_status":"closed","sticky":false,"template":"","format":"standard","meta":{"jetpack_post_was_ever_published":false,"_jetpack_newsletter_access":"","_jetpack_dont_email_post_to_subs":false,"_jetpack_newsletter_tier_id":0,"_jetpack_memberships_contains_paywalled_content":false,"_jetpack_memberships_contains_paid_content":false,"footnotes":"","jetpack_publicize_message":"","jetpack_publicize_feature_enabled":true,"jetpack_social_post_already_shared":false,"jetpack_social_options":{"image_generator_settings":{"template":"highway","default_image_id":0,"font":"","enabled":false},"version":2}},"categories":[24],"tags":[],"class_list":["post-519","post","type-post","status-publish","format-standard","has-post-thumbnail","hentry","category-obrazova-kronika"],"jetpack_publicize_connections":[],"jetpack_featured_media_url":"https:\/\/www.obeczubri.cz\/hasici\/wp-content\/uploads\/2015\/08\/100312154108-06.jpg","jetpack_sharing_enabled":true,"jetpack_shortlink":"https:\/\/wp.me\/p91NNl-8n","_links":{"self":[{"href":"https:\/\/www.obeczubri.cz\/hasici\/wp-json\/wp\/v2\/posts\/519","targetHints":{"allow":["GET"]}}],"collection":[{"href":"https:\/\/www.obeczubri.cz\/hasici\/wp-json\/wp\/v2\/posts"}],"about":[{"href":"https:\/\/www.obeczubri.cz\/hasici\/wp-json\/wp\/v2\/types\/post"}],"author":[{"embeddable":true,"href":"https:\/\/www.obeczubri.cz\/hasici\/wp-json\/wp\/v2\/users\/1"}],"replies":[{"embeddable":true,"href":"https:\/\/www.obeczubri.cz\/hasici\/wp-json\/wp\/v2\/comments?post=519"}],"version-history":[{"count":1,"href":"https:\/\/www.obeczubri.cz\/hasici\/wp-json\/wp\/v2\/posts\/519\/revisions"}],"predecessor-version":[{"id":521,"href":"https:\/\/www.obeczubri.cz\/hasici\/wp-json\/wp\/v2\/posts\/519\/revisions\/521"}],"wp:featuredmedia":[{"embeddable":true,"href":"https:\/\/www.obeczubri.cz\/hasici\/wp-json\/wp\/v2\/media\/520"}],"wp:attachment":[{"href":"https:\/\/www.obeczubri.cz\/hasici\/wp-json\/wp\/v2\/media?parent=519"}],"wp:term":[{"taxonomy":"category","embeddable":true,"href":"https:\/\/www.obeczubri.cz\/hasici\/wp-json\/wp\/v2\/categories?post=519"},{"taxonomy":"post_tag","embeddable":true,"href":"https:\/\/www.obeczubri.cz\/hasici\/wp-json\/wp\/v2\/tags?post=519"}],"curies":[{"name":"wp","href":"https:\/\/api.w.org\/{rel}","templated":true}]}}