{"id":516,"date":"2010-03-09T15:14:49","date_gmt":"2010-03-09T13:14:49","guid":{"rendered":"http:\/\/www.obeczubri.cz\/hasici\/?p=516"},"modified":"2015-08-28T15:15:55","modified_gmt":"2015-08-28T13:15:55","slug":"pozar-spodniho-konce-30-9-1941","status":"publish","type":"post","link":"https:\/\/www.obeczubri.cz\/hasici\/2010\/03\/09\/pozar-spodniho-konce-30-9-1941\/","title":{"rendered":"Po\u017e\u00e1r spodn\u00edho konce 30.9.1941"},"content":{"rendered":"<p><a href=\"http:\/\/www.obeczubri.cz\/hasici\/wp-content\/uploads\/2015\/08\/100312154047-04.jpg\" data-rel=\"lightbox-image-0\" data-rl_title=\"\" data-rl_caption=\"\" title=\"\"><img fetchpriority=\"high\" decoding=\"async\" class=\"alignleft size-medium wp-image-517\" src=\"http:\/\/www.obeczubri.cz\/hasici\/wp-content\/uploads\/2015\/08\/100312154047-04-300x215.jpg\" alt=\"100312154047-04\" width=\"300\" height=\"215\" srcset=\"https:\/\/www.obeczubri.cz\/hasici\/wp-content\/uploads\/2015\/08\/100312154047-04-300x215.jpg 300w, https:\/\/www.obeczubri.cz\/hasici\/wp-content\/uploads\/2015\/08\/100312154047-04-210x150.jpg 210w, https:\/\/www.obeczubri.cz\/hasici\/wp-content\/uploads\/2015\/08\/100312154047-04-150x107.jpg 150w, https:\/\/www.obeczubri.cz\/hasici\/wp-content\/uploads\/2015\/08\/100312154047-04-280x200.jpg 280w, https:\/\/www.obeczubri.cz\/hasici\/wp-content\/uploads\/2015\/08\/100312154047-04.jpg 640w\" sizes=\"(max-width: 300px) 100vw, 300px\" \/><\/a>Nast\u00e1val podzim. Hospod\u00e1\u0159i po vy\u010derp\u00e1vaj\u00edc\u00ed pr\u00e1ci sklidili \u00farodu do stodol, vyb\u00edrali brambory, orali a seli \u017eita. Bylo sucho a v den 30. z\u00e1\u0159\u00ed v\u00e1l ostr\u00fd jihov\u00fdchodn\u00ed v\u00edtr. Nikdo netu\u0161il, jak zl\u00fd den to bude pro zdej\u0161\u00ed obec. Ke t\u0159et\u00ed hodin\u011b odpoledne lid\u00e9 pracovali v pol\u00edch. N\u00e1hle se valil do vesnice oblak hust\u00e9ho d\u00fdmu a ozvaly se hlasy: &#8218;Ho\u0159\u00ed! Ho\u0159\u00ed!&#8216; &#8211; &#8218;Kde?&#8216; \u010cern\u00fd kou\u0159 vystupoval ze staven\u00ed Augustina Hemzy \u010d. 24. Takto popsal v obecn\u00ed kronice jednu z nejv\u011bt\u0161\u00edch trag\u00e9di\u00ed na\u0161\u00ed obce &#8211; po\u017e\u00e1r spodn\u00edho konce dne 30. z\u00e1\u0159\u00ed roku 1941 kronik\u00e1\u0159 Rudolf Weber. Sho\u0159ela staven\u00ed \u010d. 24 (odkud ohe\u0148 vy\u0161el), \u010d. 74, \u010d. 22, \u010d. 23, \u010d. 21, \u010d. 20 a \u010d. 19. Atmosf\u00e9ra sn\u00edmku pln\u011b vystihuje hr\u016fznost tohoto okam\u017eiku. N\u00e1ves zavalen\u00e1 hust\u00fdm kou\u0159em, mno\u017estv\u00ed p\u0159ihl\u00ed\u017eej\u00edc\u00edch a zd\u011b\u0161en\u00fdch lid\u00ed. Hospod\u00e1\u0159 vyp\u0159\u00e1hl kon\u011b z pluhu a sp\u011bchal s nimi na n\u00e1ves, kde je nechal st\u00e1t. Na hr\u00e1zi rybn\u00edka pob\u00edhaj\u00ed zasahuj\u00edc\u00ed hasi\u010di mezi rozp\u00e1len\u00fdmi motorov\u00fdmi st\u0159\u00edka\u010dkami. Ohe\u0148 nenasytn\u011b po\u017e\u00edr\u00e1 jedno staven\u00ed za druh\u00fdm. Jen velkou ob\u011btavost\u00ed hasi\u010d\u016f se poda\u0159ilo uchr\u00e1nit \u0161kolu. Slu\u017eebn\u00e1 v \u010d. 24 Bo\u017eena H\u00e1jkov\u00e1 vb\u00edh\u00e1 do ho\u0159\u00edc\u00edho staven\u00ed, aby zachr\u00e1nila alespo\u0148 n\u011bco z toho m\u00e1la, co vlastnila. Ukrutn\u00fd \u017e\u00e1r ohn\u011b j\u00ed zp\u016fsobil pop\u00e1leniny cel\u00e9ho t\u011bla (byla p\u0159evezena do nemocnice v Poli\u010dce, kde zem\u0159ela). Nepoda\u0159ilo se vyv\u00e9st n\u011bkolik kus\u016f skotu, v plamenech hyne zna\u010dn\u00e9 mno\u017estv\u00ed dom\u00e1c\u00edho zv\u00ed\u0159ectva. Co k tomu dodat? Snad jen posledn\u00ed v\u011btu z popsan\u00e9ho listu zm\u00edn\u011bn\u00fdm kronik\u00e1\u0159em: &#8218;Chmurn\u00fd je konec tohoto roku a je na\u0161\u00edm p\u0159\u00e1n\u00edm, abychom od podobn\u00e9 katastrofy byli uchr\u00e1n\u011bni&#8216;.<\/p>\n","protected":false},"excerpt":{"rendered":"<p>Nast\u00e1val podzim. Hospod\u00e1\u0159i po vy\u010derp\u00e1vaj\u00edc\u00ed pr\u00e1ci sklidili \u00farodu do stodol, vyb\u00edrali brambory, orali a seli \u017eita. Bylo sucho a v den 30. z\u00e1\u0159\u00ed v\u00e1l ostr\u00fd jihov\u00fdchodn\u00ed v\u00edtr. Nikdo netu\u0161il, jak zl\u00fd den to bude pro zdej\u0161\u00ed obec. Ke t\u0159et\u00ed hodin\u011b odpoledne lid\u00e9 pracovali v pol\u00edch. N\u00e1hle se valil do vesnice oblak hust\u00e9ho d\u00fdmu a ozvaly [&hellip;]<\/p>\n","protected":false},"author":1,"featured_media":517,"comment_status":"closed","ping_status":"closed","sticky":false,"template":"","format":"standard","meta":{"jetpack_post_was_ever_published":false,"_jetpack_newsletter_access":"","_jetpack_dont_email_post_to_subs":false,"_jetpack_newsletter_tier_id":0,"_jetpack_memberships_contains_paywalled_content":false,"_jetpack_memberships_contains_paid_content":false,"footnotes":"","jetpack_publicize_message":"","jetpack_publicize_feature_enabled":true,"jetpack_social_post_already_shared":false,"jetpack_social_options":{"image_generator_settings":{"template":"highway","default_image_id":0,"font":"","enabled":false},"version":2}},"categories":[24],"tags":[],"class_list":["post-516","post","type-post","status-publish","format-standard","has-post-thumbnail","hentry","category-obrazova-kronika"],"jetpack_publicize_connections":[],"jetpack_featured_media_url":"https:\/\/www.obeczubri.cz\/hasici\/wp-content\/uploads\/2015\/08\/100312154047-04.jpg","jetpack_sharing_enabled":true,"jetpack_shortlink":"https:\/\/wp.me\/p91NNl-8k","_links":{"self":[{"href":"https:\/\/www.obeczubri.cz\/hasici\/wp-json\/wp\/v2\/posts\/516","targetHints":{"allow":["GET"]}}],"collection":[{"href":"https:\/\/www.obeczubri.cz\/hasici\/wp-json\/wp\/v2\/posts"}],"about":[{"href":"https:\/\/www.obeczubri.cz\/hasici\/wp-json\/wp\/v2\/types\/post"}],"author":[{"embeddable":true,"href":"https:\/\/www.obeczubri.cz\/hasici\/wp-json\/wp\/v2\/users\/1"}],"replies":[{"embeddable":true,"href":"https:\/\/www.obeczubri.cz\/hasici\/wp-json\/wp\/v2\/comments?post=516"}],"version-history":[{"count":1,"href":"https:\/\/www.obeczubri.cz\/hasici\/wp-json\/wp\/v2\/posts\/516\/revisions"}],"predecessor-version":[{"id":518,"href":"https:\/\/www.obeczubri.cz\/hasici\/wp-json\/wp\/v2\/posts\/516\/revisions\/518"}],"wp:featuredmedia":[{"embeddable":true,"href":"https:\/\/www.obeczubri.cz\/hasici\/wp-json\/wp\/v2\/media\/517"}],"wp:attachment":[{"href":"https:\/\/www.obeczubri.cz\/hasici\/wp-json\/wp\/v2\/media?parent=516"}],"wp:term":[{"taxonomy":"category","embeddable":true,"href":"https:\/\/www.obeczubri.cz\/hasici\/wp-json\/wp\/v2\/categories?post=516"},{"taxonomy":"post_tag","embeddable":true,"href":"https:\/\/www.obeczubri.cz\/hasici\/wp-json\/wp\/v2\/tags?post=516"}],"curies":[{"name":"wp","href":"https:\/\/api.w.org\/{rel}","templated":true}]}}